{"id":63,"date":"2020-05-29T12:21:45","date_gmt":"2020-05-29T12:21:45","guid":{"rendered":"https:\/\/live-rawf.pantheonsite.io\/2020\/05\/29\/2020-5-28-leigh-a-sisters-tribute\/"},"modified":"2023-08-01T19:27:49","modified_gmt":"2023-08-01T19:27:49","slug":"2020-5-28-leigh-a-sisters-tribute","status":"publish","type":"post","link":"https:\/\/www.rawoodfoundation.org\/fr\/2020\/05\/29\/2020-5-28-leigh-a-sisters-tribute\/","title":{"rendered":"Leigh : l'hommage d'une s\u0153ur"},"content":{"rendered":"<div class=\"sqs-html-content\">\n<p class=\"\" style=\"white-space:pre-wrap;\"><em>En cette fin de mois de sensibilisation aux tumeurs c\u00e9r\u00e9brales, nous tenions \u00e0 partager ce magnifique hommage rendu par la s\u0153ur d'un enfant ayant surv\u00e9cu \u00e0 une tumeur c\u00e9r\u00e9brale et qui est d\u00e9c\u00e9d\u00e9 en janvier dernier. Lorsque j'ai lu ce texte, j'ai \u00e9t\u00e9 tr\u00e8s \u00e9mue par les mots de Susan Keller \u00e0 propos de Leigh Ann Doninger. Susan a partag\u00e9 son \u00e9loge fun\u00e8bre de sa s\u0153ur avec un don in memoriam \u00e0 la RAWF. Ces mots m'ont sembl\u00e9 appropri\u00e9s pour notre dernier Vendredi de l'inspiration du Mois de la sensibilisation aux tumeurs c\u00e9r\u00e9brales. Leigh \u00e9tait une v\u00e9ritable source d'inspiration pour beaucoup.<\/em><\/p>\n<p class=\"\" style=\"white-space:pre-wrap;\"><strong>Leigh Ann Doninger<br \/>27 ao\u00fbt 1968 - 29 janvier 2020<br \/>Par : Susan Keller<\/strong><\/p>\n<p class=\"\" style=\"white-space:pre-wrap;\">La derni\u00e8re fois que j'ai rendu visite \u00e0 Leigh, elle se reposait et j'ai d\u00e9cid\u00e9 de lui faire \u00e9couter sa musique pr\u00e9f\u00e9r\u00e9e, notamment Peter, Paul et Mary. Alors que je chantais en m\u00eame temps que <em>Puff le dragon magique<\/em> elle a fait rebondir sa main sur la m\u00e9lodie. En pensant \u00e0 la chanson, puis au film, j'ai r\u00e9alis\u00e9 \u00e0 quel point l'histoire incarnait la vie de Leigh sur terre.  <\/p>\n<p class=\"\" style=\"white-space:pre-wrap;\">Comme je n'ai pas connu ma s\u0153ur avant la tumeur c\u00e9r\u00e9brale, je ne peux pas r\u00e9fl\u00e9chir \u00e0 la personne qu'elle \u00e9tait avant que la m\u00e9decine n'intervienne. J'entends des histoires et je vois des photos, mais ce n'est pas la Leigh que je connais.&nbsp;  <\/p>\n<p class=\"\" style=\"white-space:pre-wrap;\">En faisant des recherches sur la tumeur de Leigh, j'ai d\u00e9couvert que sa localisation ainsi que la chirurgie c\u00e9r\u00e9brale invasive et la radioth\u00e9rapie ont consid\u00e9rablement modifi\u00e9 sa vie \u00e0 partir de l'\u00e2ge de six ans.  <\/p>\n<p class=\"\" style=\"white-space:pre-wrap;\">Ces alt\u00e9rations comprenaient des d\u00e9fis physiques, mentaux, sociaux et \u00e9motionnels qui la rendaient unique, souvent frustr\u00e9e et, aussi difficile que cela puisse para\u00eetre, solitaire. Il est difficile d'\u00eatre diff\u00e9rent. <\/p>\n<p class=\"\" style=\"white-space:pre-wrap;\">Leigh ne s'est pas laiss\u00e9e d\u00e9courager pour autant. Elle s'en est servie comme d'un carburant.  Avec l'aide et le soutien de ses parents et de sa famille, Leigh a trouv\u00e9 la voie qui lui convenait et l'a emprunt\u00e9e avec courage. Elle a travaill\u00e9 dur, a persist\u00e9 et a d\u00e9fi\u00e9 les pronostics. Un dipl\u00f4me universitaire ? Elle l'a obtenu. Une ma\u00eetrise, bien s\u00fbr, pas de probl\u00e8me ! Enseigner \u00e0 des enfants, oui, s'il vous pla\u00eet !  <\/p>\n<p class=\"\" style=\"white-space:pre-wrap;\">Et m\u00eame si ces obstacles sont rest\u00e9s pr\u00e9sents tout au long de sa vie, elle a fait preuve de r\u00e9silience, encore et encore, et encore. Jusqu'\u00e0 son dernier souffle.  <\/p>\n<p class=\"\" style=\"white-space:pre-wrap;\">Si vous ne connaissez pas les paroles de <em>Puff le dragon magique<\/em>Elle raconte l'histoire d'amour entre un petit gar\u00e7on nomm\u00e9 Jackie Paper et son compagnon de jeu Puff le dragon (que certains croient imaginaire). La chanson raconte ensuite les aventures de Jackie et de Puffs. Notre p\u00e8re a transmis \u00e0 Leigh son go\u00fbt pour l'aventure et elle \u00e9tait toujours partante pour de nouveaux projets. Je suis tr\u00e8s reconnaissante \u00e0 mes parents d'avoir continu\u00e9 \u00e0 embrasser ce c\u00f4t\u00e9 aventureux de Leigh, m\u00eame si son corps se fatiguait.&nbsp;  <\/p>\n<p class=\"\" style=\"white-space:pre-wrap;\">Mais h\u00e9las, la chanson continue : \"un dragon vit pour toujours, mais ce n'est pas le cas des filles et des gar\u00e7ons. Les ailes peintes et les anneaux g\u00e9ants font place \u00e0 d'autres jouets\". Jackie Paper a grandi, a cess\u00e9 de croire en la magie et Puff a \u00e9t\u00e9 oubli\u00e9.&nbsp;  <\/p>\n<p class=\"\" style=\"white-space:pre-wrap;\">Et c'est ici que la douce chanson de Leigh se termine diff\u00e9remment. Leigh et Puff sont rest\u00e9s des amis pour la vie. Puff n'a jamais \u00e9t\u00e9 laiss\u00e9 pour compte. Vous voyez, les d\u00e9fis auxquels Leigh a d\u00fb faire face \u00e9taient aussi des b\u00e9n\u00e9dictions et de belles le\u00e7ons pour ceux qui l'entouraient, on pourrait m\u00eame dire magiques. Elle s'est accroch\u00e9e \u00e0 sa foi d'enfant alors qu'elle aurait pu facilement se demander \"pourquoi moi ?  Elle a aim\u00e9 inconditionnellement alors que l'amertume aurait pu semer une graine dans son c\u0153ur. Elle a ch\u00e9ri ses proches et n'a rien laiss\u00e9 passer pour passer du temps ensemble. Elle a utilis\u00e9 ses talents pour aider et servir les autres sans aucun motif \u00e9go\u00efste.&nbsp;  <\/p>\n<p class=\"\" style=\"white-space:pre-wrap;\">Bien qu'elle ne soit plus enseignante, les meilleures le\u00e7ons qu'elle a pu donner sont celles qu'elle a tir\u00e9es de sa vie.  <\/p>\n<p class=\"\" style=\"white-space:pre-wrap;\">En 1975, l'h\u00f4pital pour enfants de Philadelphie (CHOP) a retir\u00e9 la tumeur de Leigh et a permis \u00e0 ma s\u0153ur de vivre pleinement sa vie jusqu'\u00e0 l'\u00e2ge de 51 ans. Cette fondation aurait \u00e9t\u00e9 tr\u00e8s utile \u00e0 mes parents et \u00e0 ma famille il y a quelques ann\u00e9es. J'ai l'intention de participer \u00e0 la journ\u00e9e du CHOP consacr\u00e9e aux tumeurs c\u00e9r\u00e9brales hypophysaires p\u00e9diatriques le 2 mai pour les remercier et faire un don \u00e0 la m\u00e9moire de ma s\u0153ur.  Merci de contribuer \u00e0 une fondation qui repr\u00e9sente tant pour tant de personnes. <\/p>\n<p class=\"\" data-rte-preserve-empty=\"true\" style=\"white-space:pre-wrap;\">\n<\/div>\n<div\n        class=\"image-block-outer-wrapper          layout-caption-below          design-layout-inline          combination-animation-none          individual-animation-none          individual-text-animation-none\"\n        data-test=\"image-block-inline-outer-wrapper\"\n    ><\/p>\n<figure\n            class=\"sqs-block-image-figure              intrinsic\"\n            style=\"max-width:2018px;\"\n        ><\/p>\n<div\n\n\n              class=\"image-block-wrapper\"\n              data-animation-role=\"image\"\n\n\n\n          ><\/p>\n<div class=\"sqs-image-shape-container-element              has-aspect-ratio\" style=\"                position: relative;                  padding-bottom:96.33300018310547%;                overflow: hidden;-webkit-mask-image: -webkit-radial-gradient(white, black);              \"\n              ><\/p>\n<p>                  <noscript><img decoding=\"async\" src=\"https:\/\/images.squarespace-cdn.com\/content\/v1\/587bc3d946c3c4be42a60e48\/1590754860085-XP06FX13CQR3X7SISW7A\/leigh.jpg\" alt=\"leigh.jpg\" \/><\/noscript><img decoding=\"async\" class=\"thumb-image\" src=\"https:\/\/images.squarespace-cdn.com\/content\/v1\/587bc3d946c3c4be42a60e48\/1590754860085-XP06FX13CQR3X7SISW7A\/leigh.jpg\" data-image=\"https:\/\/images.squarespace-cdn.com\/content\/v1\/587bc3d946c3c4be42a60e48\/1590754860085-XP06FX13CQR3X7SISW7A\/leigh.jpg\" data-image-dimensions=\"2018x1944\" data-image-focal-point=\"0.5,0.5\" alt=\"leigh.jpg\" data-load=\"false\" data-image-id=\"5ed0fe2bcfba127f3c372a46\" data-type=\"image\" \/><\/p><\/div>\n<\/p><\/div>\n<\/figure><\/div>","protected":false},"excerpt":{"rendered":"<p class=\"\">En cette fin de mois de sensibilisation aux tumeurs c\u00e9r\u00e9brales, nous souhaitions partager ce magnifique hommage rendu par la s\u0153ur d'un enfant ayant surv\u00e9cu \u00e0 une tumeur c\u00e9r\u00e9brale et qui est d\u00e9c\u00e9d\u00e9 r\u00e9cemment. Lorsque j'ai lu ce texte, j'ai \u00e9t\u00e9 tr\u00e8s \u00e9mue par les mots de Susan Keller \u00e0 propos de Leigh Ann Doninger, d\u00e9c\u00e9d\u00e9e en janvier dernier. Susan a partag\u00e9 l'\u00e9loge fun\u00e8bre de sa s\u0153ur ainsi qu'un don in memoriam \u00e0 la RAWF. Ces mots \u00e9taient tout \u00e0 fait appropri\u00e9s pour notre dernier Vendredi de l'inspiration du Mois de la sensibilisation aux tumeurs c\u00e9r\u00e9brales. Leigh \u00e9tait une v\u00e9ritable source d'inspiration pour de nombreuses personnes.<\/p>\n<p class=\"\">","protected":false},"author":1,"featured_media":64,"comment_status":"closed","ping_status":"open","sticky":false,"template":"","format":"standard","meta":{"_acf_changed":false,"footnotes":""},"categories":[1],"tags":[],"class_list":["post-63","post","type-post","status-publish","format-standard","has-post-thumbnail","hentry","category-uncategorized","generate-columns","tablet-grid-50","mobile-grid-100","grid-parent","grid-33","no-featured-image-padding"],"acf":[],"yoast_head":"<!-- This site is optimized with the Yoast SEO plugin v27.3 - https:\/\/yoast.com\/product\/yoast-seo-wordpress\/ -->\n<title>Leigh: A Sister&#039;s Tribute - Raymond A. Wood Foundation<\/title>\n<meta name=\"robots\" content=\"index, follow, max-snippet:-1, max-image-preview:large, max-video-preview:-1\" \/>\n<link rel=\"canonical\" href=\"https:\/\/www.rawoodfoundation.org\/fr\/2020\/05\/29\/2020-5-28-leigh-a-sisters-tribute\/\" \/>\n<meta property=\"og:locale\" content=\"fr_FR\" \/>\n<meta property=\"og:type\" content=\"article\" \/>\n<meta property=\"og:title\" content=\"Leigh: A Sister&#039;s Tribute - Raymond A. Wood Foundation\" \/>\n<meta property=\"og:description\" content=\"As we wrap up Brain Tumor Awareness Month, we wanted to share this beautiful tribute by a sister of a childhood brain tumor survivor who recently passed away. When I read this, I was so moved by Susan Keller\u2019s words about Leigh Ann Doninger who passed away this January. Susan shared her eulogy to her sister along with an in memoriam donation to RAWF. These words felt fitting for our last Inspiration Friday of Brain Tumor Awareness Month. Leigh sounded like a true inspiration to many.\" \/>\n<meta property=\"og:url\" content=\"https:\/\/www.rawoodfoundation.org\/fr\/2020\/05\/29\/2020-5-28-leigh-a-sisters-tribute\/\" \/>\n<meta property=\"og:site_name\" content=\"Raymond A. Wood Foundation\" \/>\n<meta property=\"article:publisher\" content=\"https:\/\/www.facebook.com\/rawoodfoundation\" \/>\n<meta property=\"article:published_time\" content=\"2020-05-29T12:21:45+00:00\" \/>\n<meta property=\"article:modified_time\" content=\"2023-08-01T19:27:49+00:00\" \/>\n<meta property=\"og:image\" content=\"https:\/\/www.rawoodfoundation.org\/wp-content\/uploads\/2020\/05\/leigh.jpg\" \/>\n\t<meta property=\"og:image:width\" content=\"2018\" \/>\n\t<meta property=\"og:image:height\" content=\"1944\" \/>\n\t<meta property=\"og:image:type\" content=\"image\/jpeg\" \/>\n<meta name=\"author\" content=\"inclind\" \/>\n<meta name=\"twitter:card\" content=\"summary_large_image\" \/>\n<meta name=\"twitter:creator\" content=\"@rawoodfound\" \/>\n<meta name=\"twitter:site\" content=\"@rawoodfound\" \/>\n<meta name=\"twitter:label1\" content=\"Written by\" \/>\n\t<meta name=\"twitter:data1\" content=\"inclind\" \/>\n\t<meta name=\"twitter:label2\" content=\"Est. reading time\" \/>\n\t<meta name=\"twitter:data2\" content=\"3 minutes\" \/>\n<script type=\"application\/ld+json\" class=\"yoast-schema-graph\">{\"@context\":\"https:\\\/\\\/schema.org\",\"@graph\":[{\"@type\":\"Article\",\"@id\":\"https:\\\/\\\/www.rawoodfoundation.org\\\/2020\\\/05\\\/29\\\/2020-5-28-leigh-a-sisters-tribute\\\/#article\",\"isPartOf\":{\"@id\":\"https:\\\/\\\/www.rawoodfoundation.org\\\/2020\\\/05\\\/29\\\/2020-5-28-leigh-a-sisters-tribute\\\/\"},\"author\":{\"name\":\"inclind\",\"@id\":\"https:\\\/\\\/www.rawoodfoundation.org\\\/#\\\/schema\\\/person\\\/2570c836f3b11fb4da441d7e646ad705\"},\"headline\":\"Leigh: A Sister&#8217;s Tribute\",\"datePublished\":\"2020-05-29T12:21:45+00:00\",\"dateModified\":\"2023-08-01T19:27:49+00:00\",\"mainEntityOfPage\":{\"@id\":\"https:\\\/\\\/www.rawoodfoundation.org\\\/2020\\\/05\\\/29\\\/2020-5-28-leigh-a-sisters-tribute\\\/\"},\"wordCount\":673,\"publisher\":{\"@id\":\"https:\\\/\\\/www.rawoodfoundation.org\\\/#organization\"},\"image\":{\"@id\":\"https:\\\/\\\/www.rawoodfoundation.org\\\/2020\\\/05\\\/29\\\/2020-5-28-leigh-a-sisters-tribute\\\/#primaryimage\"},\"thumbnailUrl\":\"https:\\\/\\\/www.rawoodfoundation.org\\\/wp-content\\\/uploads\\\/2020\\\/05\\\/leigh.jpg\",\"inLanguage\":\"fr-FR\"},{\"@type\":\"WebPage\",\"@id\":\"https:\\\/\\\/www.rawoodfoundation.org\\\/2020\\\/05\\\/29\\\/2020-5-28-leigh-a-sisters-tribute\\\/\",\"url\":\"https:\\\/\\\/www.rawoodfoundation.org\\\/2020\\\/05\\\/29\\\/2020-5-28-leigh-a-sisters-tribute\\\/\",\"name\":\"Leigh: A Sister's Tribute - Raymond A. Wood Foundation\",\"isPartOf\":{\"@id\":\"https:\\\/\\\/www.rawoodfoundation.org\\\/#website\"},\"primaryImageOfPage\":{\"@id\":\"https:\\\/\\\/www.rawoodfoundation.org\\\/2020\\\/05\\\/29\\\/2020-5-28-leigh-a-sisters-tribute\\\/#primaryimage\"},\"image\":{\"@id\":\"https:\\\/\\\/www.rawoodfoundation.org\\\/2020\\\/05\\\/29\\\/2020-5-28-leigh-a-sisters-tribute\\\/#primaryimage\"},\"thumbnailUrl\":\"https:\\\/\\\/www.rawoodfoundation.org\\\/wp-content\\\/uploads\\\/2020\\\/05\\\/leigh.jpg\",\"datePublished\":\"2020-05-29T12:21:45+00:00\",\"dateModified\":\"2023-08-01T19:27:49+00:00\",\"breadcrumb\":{\"@id\":\"https:\\\/\\\/www.rawoodfoundation.org\\\/2020\\\/05\\\/29\\\/2020-5-28-leigh-a-sisters-tribute\\\/#breadcrumb\"},\"inLanguage\":\"fr-FR\",\"potentialAction\":[{\"@type\":\"ReadAction\",\"target\":[\"https:\\\/\\\/www.rawoodfoundation.org\\\/2020\\\/05\\\/29\\\/2020-5-28-leigh-a-sisters-tribute\\\/\"]}]},{\"@type\":\"ImageObject\",\"inLanguage\":\"fr-FR\",\"@id\":\"https:\\\/\\\/www.rawoodfoundation.org\\\/2020\\\/05\\\/29\\\/2020-5-28-leigh-a-sisters-tribute\\\/#primaryimage\",\"url\":\"https:\\\/\\\/www.rawoodfoundation.org\\\/wp-content\\\/uploads\\\/2020\\\/05\\\/leigh.jpg\",\"contentUrl\":\"https:\\\/\\\/www.rawoodfoundation.org\\\/wp-content\\\/uploads\\\/2020\\\/05\\\/leigh.jpg\",\"width\":2018,\"height\":1944,\"caption\":\"exc-5ecfcb70f1cc2137b82e827a\"},{\"@type\":\"BreadcrumbList\",\"@id\":\"https:\\\/\\\/www.rawoodfoundation.org\\\/2020\\\/05\\\/29\\\/2020-5-28-leigh-a-sisters-tribute\\\/#breadcrumb\",\"itemListElement\":[{\"@type\":\"ListItem\",\"position\":1,\"name\":\"Home\",\"item\":\"https:\\\/\\\/www.rawoodfoundation.org\\\/\"},{\"@type\":\"ListItem\",\"position\":2,\"name\":\"Leigh: A Sister&#8217;s Tribute\"}]},{\"@type\":\"WebSite\",\"@id\":\"https:\\\/\\\/www.rawoodfoundation.org\\\/#website\",\"url\":\"https:\\\/\\\/www.rawoodfoundation.org\\\/\",\"name\":\"Raymond A. Wood Foundation\",\"description\":\"The mission of the RAWF is to provide quality of life support for childhood brain tumor survivors and their families.\",\"publisher\":{\"@id\":\"https:\\\/\\\/www.rawoodfoundation.org\\\/#organization\"},\"potentialAction\":[{\"@type\":\"SearchAction\",\"target\":{\"@type\":\"EntryPoint\",\"urlTemplate\":\"https:\\\/\\\/www.rawoodfoundation.org\\\/?s={search_term_string}\"},\"query-input\":{\"@type\":\"PropertyValueSpecification\",\"valueRequired\":true,\"valueName\":\"search_term_string\"}}],\"inLanguage\":\"fr-FR\"},{\"@type\":\"Organization\",\"@id\":\"https:\\\/\\\/www.rawoodfoundation.org\\\/#organization\",\"name\":\"Raymond A. Wood Foundation\",\"url\":\"https:\\\/\\\/www.rawoodfoundation.org\\\/\",\"logo\":{\"@type\":\"ImageObject\",\"inLanguage\":\"fr-FR\",\"@id\":\"https:\\\/\\\/www.rawoodfoundation.org\\\/#\\\/schema\\\/logo\\\/image\\\/\",\"url\":\"https:\\\/\\\/www.rawoodfoundation.org\\\/wp-content\\\/uploads\\\/2023\\\/07\\\/Raymond-A-Wood-Foundation-logo.webp\",\"contentUrl\":\"https:\\\/\\\/www.rawoodfoundation.org\\\/wp-content\\\/uploads\\\/2023\\\/07\\\/Raymond-A-Wood-Foundation-logo.webp\",\"width\":470,\"height\":128,\"caption\":\"Raymond A. Wood Foundation\"},\"image\":{\"@id\":\"https:\\\/\\\/www.rawoodfoundation.org\\\/#\\\/schema\\\/logo\\\/image\\\/\"},\"sameAs\":[\"https:\\\/\\\/www.facebook.com\\\/rawoodfoundation\",\"https:\\\/\\\/x.com\\\/rawoodfound\"]},{\"@type\":\"Person\",\"@id\":\"https:\\\/\\\/www.rawoodfoundation.org\\\/#\\\/schema\\\/person\\\/2570c836f3b11fb4da441d7e646ad705\",\"name\":\"inclind\",\"sameAs\":[\"https:\\\/\\\/dev-donate-demo.pantheonsite.io\"],\"url\":\"https:\\\/\\\/www.rawoodfoundation.org\\\/fr\\\/author\\\/inclind\\\/\"}]}<\/script>\n<!-- \/ Yoast SEO plugin. -->","yoast_head_json":{"title":"Leigh : l'hommage d'une s\u0153ur - Raymond A. Wood Foundation","robots":{"index":"index","follow":"follow","max-snippet":"max-snippet:-1","max-image-preview":"max-image-preview:large","max-video-preview":"max-video-preview:-1"},"canonical":"https:\/\/www.rawoodfoundation.org\/fr\/2020\/05\/29\/2020-5-28-leigh-a-sisters-tribute\/","og_locale":"fr_FR","og_type":"article","og_title":"Leigh: A Sister's Tribute - Raymond A. Wood Foundation","og_description":"As we wrap up Brain Tumor Awareness Month, we wanted to share this beautiful tribute by a sister of a childhood brain tumor survivor who recently passed away. When I read this, I was so moved by Susan Keller\u2019s words about Leigh Ann Doninger who passed away this January. Susan shared her eulogy to her sister along with an in memoriam donation to RAWF. These words felt fitting for our last Inspiration Friday of Brain Tumor Awareness Month. Leigh sounded like a true inspiration to many.","og_url":"https:\/\/www.rawoodfoundation.org\/fr\/2020\/05\/29\/2020-5-28-leigh-a-sisters-tribute\/","og_site_name":"Raymond A. Wood Foundation","article_publisher":"https:\/\/www.facebook.com\/rawoodfoundation","article_published_time":"2020-05-29T12:21:45+00:00","article_modified_time":"2023-08-01T19:27:49+00:00","og_image":[{"width":2018,"height":1944,"url":"https:\/\/www.rawoodfoundation.org\/wp-content\/uploads\/2020\/05\/leigh.jpg","type":"image\/jpeg"}],"author":"inclind","twitter_card":"summary_large_image","twitter_creator":"@rawoodfound","twitter_site":"@rawoodfound","twitter_misc":{"Written by":"inclind","Est. reading time":"3 minutes"},"schema":{"@context":"https:\/\/schema.org","@graph":[{"@type":"Article","@id":"https:\/\/www.rawoodfoundation.org\/2020\/05\/29\/2020-5-28-leigh-a-sisters-tribute\/#article","isPartOf":{"@id":"https:\/\/www.rawoodfoundation.org\/2020\/05\/29\/2020-5-28-leigh-a-sisters-tribute\/"},"author":{"name":"inclind","@id":"https:\/\/www.rawoodfoundation.org\/#\/schema\/person\/2570c836f3b11fb4da441d7e646ad705"},"headline":"Leigh: A Sister&#8217;s Tribute","datePublished":"2020-05-29T12:21:45+00:00","dateModified":"2023-08-01T19:27:49+00:00","mainEntityOfPage":{"@id":"https:\/\/www.rawoodfoundation.org\/2020\/05\/29\/2020-5-28-leigh-a-sisters-tribute\/"},"wordCount":673,"publisher":{"@id":"https:\/\/www.rawoodfoundation.org\/#organization"},"image":{"@id":"https:\/\/www.rawoodfoundation.org\/2020\/05\/29\/2020-5-28-leigh-a-sisters-tribute\/#primaryimage"},"thumbnailUrl":"https:\/\/www.rawoodfoundation.org\/wp-content\/uploads\/2020\/05\/leigh.jpg","inLanguage":"fr-FR"},{"@type":"WebPage","@id":"https:\/\/www.rawoodfoundation.org\/2020\/05\/29\/2020-5-28-leigh-a-sisters-tribute\/","url":"https:\/\/www.rawoodfoundation.org\/2020\/05\/29\/2020-5-28-leigh-a-sisters-tribute\/","name":"Leigh : l'hommage d'une s\u0153ur - Raymond A. Wood Foundation","isPartOf":{"@id":"https:\/\/www.rawoodfoundation.org\/#website"},"primaryImageOfPage":{"@id":"https:\/\/www.rawoodfoundation.org\/2020\/05\/29\/2020-5-28-leigh-a-sisters-tribute\/#primaryimage"},"image":{"@id":"https:\/\/www.rawoodfoundation.org\/2020\/05\/29\/2020-5-28-leigh-a-sisters-tribute\/#primaryimage"},"thumbnailUrl":"https:\/\/www.rawoodfoundation.org\/wp-content\/uploads\/2020\/05\/leigh.jpg","datePublished":"2020-05-29T12:21:45+00:00","dateModified":"2023-08-01T19:27:49+00:00","breadcrumb":{"@id":"https:\/\/www.rawoodfoundation.org\/2020\/05\/29\/2020-5-28-leigh-a-sisters-tribute\/#breadcrumb"},"inLanguage":"fr-FR","potentialAction":[{"@type":"ReadAction","target":["https:\/\/www.rawoodfoundation.org\/2020\/05\/29\/2020-5-28-leigh-a-sisters-tribute\/"]}]},{"@type":"ImageObject","inLanguage":"fr-FR","@id":"https:\/\/www.rawoodfoundation.org\/2020\/05\/29\/2020-5-28-leigh-a-sisters-tribute\/#primaryimage","url":"https:\/\/www.rawoodfoundation.org\/wp-content\/uploads\/2020\/05\/leigh.jpg","contentUrl":"https:\/\/www.rawoodfoundation.org\/wp-content\/uploads\/2020\/05\/leigh.jpg","width":2018,"height":1944,"caption":"exc-5ecfcb70f1cc2137b82e827a"},{"@type":"BreadcrumbList","@id":"https:\/\/www.rawoodfoundation.org\/2020\/05\/29\/2020-5-28-leigh-a-sisters-tribute\/#breadcrumb","itemListElement":[{"@type":"ListItem","position":1,"name":"Home","item":"https:\/\/www.rawoodfoundation.org\/"},{"@type":"ListItem","position":2,"name":"Leigh: A Sister&#8217;s Tribute"}]},{"@type":"WebSite","@id":"https:\/\/www.rawoodfoundation.org\/#website","url":"https:\/\/www.rawoodfoundation.org\/","name":"Fondation Raymond A. Wood","description":"La mission de la RAWF est d'apporter un soutien \u00e0 la qualit\u00e9 de vie des survivants de tumeurs c\u00e9r\u00e9brales infantiles et de leurs familles.","publisher":{"@id":"https:\/\/www.rawoodfoundation.org\/#organization"},"potentialAction":[{"@type":"SearchAction","target":{"@type":"EntryPoint","urlTemplate":"https:\/\/www.rawoodfoundation.org\/?s={search_term_string}"},"query-input":{"@type":"PropertyValueSpecification","valueRequired":true,"valueName":"search_term_string"}}],"inLanguage":"fr-FR"},{"@type":"Organization","@id":"https:\/\/www.rawoodfoundation.org\/#organization","name":"Fondation Raymond A. Wood","url":"https:\/\/www.rawoodfoundation.org\/","logo":{"@type":"ImageObject","inLanguage":"fr-FR","@id":"https:\/\/www.rawoodfoundation.org\/#\/schema\/logo\/image\/","url":"https:\/\/www.rawoodfoundation.org\/wp-content\/uploads\/2023\/07\/Raymond-A-Wood-Foundation-logo.webp","contentUrl":"https:\/\/www.rawoodfoundation.org\/wp-content\/uploads\/2023\/07\/Raymond-A-Wood-Foundation-logo.webp","width":470,"height":128,"caption":"Raymond A. Wood Foundation"},"image":{"@id":"https:\/\/www.rawoodfoundation.org\/#\/schema\/logo\/image\/"},"sameAs":["https:\/\/www.facebook.com\/rawoodfoundation","https:\/\/x.com\/rawoodfound"]},{"@type":"Person","@id":"https:\/\/www.rawoodfoundation.org\/#\/schema\/person\/2570c836f3b11fb4da441d7e646ad705","name":"incliner","sameAs":["https:\/\/dev-donate-demo.pantheonsite.io"],"url":"https:\/\/www.rawoodfoundation.org\/fr\/author\/inclind\/"}]}},"_links":{"self":[{"href":"https:\/\/www.rawoodfoundation.org\/fr\/wp-json\/wp\/v2\/posts\/63","targetHints":{"allow":["GET"]}}],"collection":[{"href":"https:\/\/www.rawoodfoundation.org\/fr\/wp-json\/wp\/v2\/posts"}],"about":[{"href":"https:\/\/www.rawoodfoundation.org\/fr\/wp-json\/wp\/v2\/types\/post"}],"author":[{"embeddable":true,"href":"https:\/\/www.rawoodfoundation.org\/fr\/wp-json\/wp\/v2\/users\/1"}],"replies":[{"embeddable":true,"href":"https:\/\/www.rawoodfoundation.org\/fr\/wp-json\/wp\/v2\/comments?post=63"}],"version-history":[{"count":1,"href":"https:\/\/www.rawoodfoundation.org\/fr\/wp-json\/wp\/v2\/posts\/63\/revisions"}],"predecessor-version":[{"id":8030,"href":"https:\/\/www.rawoodfoundation.org\/fr\/wp-json\/wp\/v2\/posts\/63\/revisions\/8030"}],"wp:featuredmedia":[{"embeddable":true,"href":"https:\/\/www.rawoodfoundation.org\/fr\/wp-json\/wp\/v2\/media\/64"}],"wp:attachment":[{"href":"https:\/\/www.rawoodfoundation.org\/fr\/wp-json\/wp\/v2\/media?parent=63"}],"wp:term":[{"taxonomy":"category","embeddable":true,"href":"https:\/\/www.rawoodfoundation.org\/fr\/wp-json\/wp\/v2\/categories?post=63"},{"taxonomy":"post_tag","embeddable":true,"href":"https:\/\/www.rawoodfoundation.org\/fr\/wp-json\/wp\/v2\/tags?post=63"}],"curies":[{"name":"wp","href":"https:\/\/api.w.org\/{rel}","templated":true}]}}