{"id":8580,"date":"2023-08-29T17:36:11","date_gmt":"2023-08-29T17:36:11","guid":{"rendered":"https:\/\/www.rawoodfoundation.org\/?p=8580"},"modified":"2023-08-29T17:38:39","modified_gmt":"2023-08-29T17:38:39","slug":"la-fundacion-raymond-a-wood-revela-la-carga-que-supone-para-los-cuidadores-un-estudio-pionero-sobre-el-craneofaringioma","status":"publish","type":"post","link":"https:\/\/www.rawoodfoundation.org\/es\/2023\/08\/29\/raymond-a-wood-foundation-reveals-caregiver-burden-in-pioneering-craniopharyngioma-study\/","title":{"rendered":"La Fundaci\u00f3n Raymond A. Wood revela la carga que soportan los cuidadores en un estudio pionero sobre craneofaringioma"},"content":{"rendered":"<p>La Fundaci\u00f3n Raymond A. Wood acaba de publicar su primer estudio de investigaci\u00f3n titulado \"<a href=\"https:\/\/academic.oup.com\/jcem\/advance-article\/doi\/10.1210\/clinem\/dgad488\/7246360\">Carga del cuidador y su relaci\u00f3n con la calidad de vida relacionada con la salud en supervivientes de craneofaringioma<\/a>\" en la prestigiosa revista Journal of Clinical Endocrinology &amp; Metabolism. El estudio fue dirigido por miembros de la Fundaci\u00f3n Raymond A. Wood, entre ellos <a href=\"https:\/\/www.rawoodfoundation.org\/es\/miembro\/nathalie-kayadjanian-ph-d\/\">Nathalie Kayadjanian<\/a>PhD (asesor cient\u00edfico), <a href=\"https:\/\/www.rawoodfoundation.org\/es\/miembro\/eugenie-hsu-ph-d\/\">Eugenie Hsu<\/a>PhD (miembro de la Junta Directiva y cuidadora), <a href=\"https:\/\/www.rawoodfoundation.org\/es\/miembro\/miembro-de-ejemplo\/\">Amy Wood<\/a> (Cofundadora, Directora Ejecutiva y cuidadora) y <a href=\"https:\/\/www.rawoodfoundation.org\/es\/miembro\/dean-carson\/\">Decano Carson<\/a>, PhD (miembro del Consejo).<\/p>\n\n\n\n<h3 class=\"wp-block-heading\">Acerca del estudio<\/h3>\n\n\n\n<p>El craneofaringioma (CP) es una enfermedad compleja y cr\u00f3nica que requiere atenci\u00f3n y tratamiento durante toda la vida. El impacto negativo del craneofaringioma en la calidad de vida de los supervivientes est\u00e1 bien documentado en la literatura. Sorprendentemente, se desconoce su impacto en los cuidadores.<\/p>\n\n\n\n<p>Ser cuidador durante toda la vida puede ser estresante, por lo que es importante comprender c\u00f3mo la carga de la enfermedad puede afectar negativamente al bienestar del cuidador de pacientes con par\u00e1lisis cerebral y a la calidad de la atenci\u00f3n y los resultados para los supervivientes de esta enfermedad. Al comprender la carga que supone la enfermedad para los cuidadores de pacientes con par\u00e1lisis cerebral, podemos empezar a imaginar el coste econ\u00f3mico para la familia con par\u00e1lisis cerebral y para la sociedad en general.<\/p>\n\n\n\n<h3 class=\"wp-block-heading\"><strong>Objetivos del estudio<\/strong><\/h3>\n\n\n\n<p>El objetivo del estudio era comprender el nivel de tensi\u00f3n multifac\u00e9tica que percibe el cuidador por atender a supervivientes de par\u00e1lisis cerebral. Se utiliz\u00f3 la Entrevista de Carga de Zarit, un instrumento validado ampliamente utilizado que mide la carga del cuidador en diversas discapacidades y enfermedades cr\u00f3nicas.<\/p>\n\n\n\n<p>El estudio tambi\u00e9n investig\u00f3 los factores determinantes de la carga del cuidador, incluidos los datos sociodemogr\u00e1ficos del cuidador, la duraci\u00f3n de los cuidados, as\u00ed como las caracter\u00edsticas cl\u00ednicas del superviviente y la calidad de vida relacionada con la salud.<\/p>\n\n\n\n<h3 class=\"wp-block-heading\">Objetivo del estudio<\/h3>\n\n\n\n<p>Como organizaci\u00f3n de defensa del paciente impulsada por la investigaci\u00f3n, fundada e impulsada predominantemente por cuidadores, tenemos experiencias con el craneofaringioma que s\u00f3lo est\u00e1n al alcance de quienes participan en el cuidado diario de nuestros supervivientes. Las experiencias de los cuidadores con el craneofaringioma pueden revelar necesidades no cubiertas que, de otro modo, ser\u00edan desconocidas en el ecosistema cl\u00ednico y de investigaci\u00f3n m\u00e1s amplio. Por ejemplo, elaboramos una lista de problemas de salud que afectan a los supervivientes tras el tratamiento del tumor que no se limita \u00fanicamente a los problemas conocidos y bien descritos en la bibliograf\u00eda; tambi\u00e9n incluimos problemas comunicados de manera informal en grupos de apoyo en redes sociales por cuidadores y supervivientes.<\/p>\n\n\n\n<p>Quer\u00edamos realizar un estudio de investigaci\u00f3n s\u00f3lido que reuniera datos de alta calidad que pudieran publicarse en una revista cient\u00edfica revisada por pares de impacto internacional para que los resultados pudieran compartirse con todas las partes interesadas, incluidos los supervivientes, los cuidadores, los m\u00e9dicos, los cient\u00edficos, as\u00ed como los miembros de la industria farmac\u00e9utica y las agencias reguladoras. Al publicar y compartir los hallazgos centrados en los cuidadores, podemos atender mejor las necesidades centradas en los pacientes y cuidadores de nuestra comunidad de tumores cerebrales. Se trata del primer estudio realizado hasta la fecha sobre la experiencia de los cuidadores de pacientes con craneofaringioma.<\/p>\n\n\n\n<h3 class=\"wp-block-heading\">Principales resultados<\/h3>\n\n\n<div class=\"gb-container gb-container-\">\n\n<p>Los an\u00e1lisis de las respuestas an\u00f3nimas de 82 cuidadores de supervivientes de PC que respondieron a una encuesta en l\u00ednea revelaron que:<\/p>\n\n<\/div>\n\n\n<ol class=\"wp-block-list\">\n<li>Los cuidadores informaron de una media de 13 de 29 problemas de salud en los supervivientes tras el tratamiento del tumor, incluidos exceso de peso, hipopituitarismo, fatiga, estado de \u00e1nimo, cognici\u00f3n, problemas sociales, desregulaci\u00f3n de la temperatura, discapacidad visual y problemas de sue\u00f1o. Sorprendentemente, descubrimos que 70% de los supervivientes que padec\u00edan obesidad tambi\u00e9n sufr\u00edan hiperfagia y que la hiperfagia, y no la obesidad, afectaba significativamente a la calidad de vida relacionada con la salud.<\/li>\n\n\n\n<li>El nivel de carga de los cuidadores fue moderado, pero superior al nivel medido en los cuidadores de personas con demencia, enfermedad de Alzheimer o dolor cr\u00f3nico.<\/li>\n\n\n\n<li>La carga del cuidador fue independiente del nivel educativo del cuidador, la duraci\u00f3n de los cuidados, los ingresos, la edad del superviviente, la edad en el momento del diagn\u00f3stico o la recurrencia del tumor. Por el contrario, la carga del cuidador se asoci\u00f3 con el n\u00famero y el tipo de problemas de salud del superviviente y fue significativamente mayor para los cuidadores o supervivientes con s\u00edntomas de disfunci\u00f3n hipotal\u00e1mica, incluida la hiperfagia, pero no la obesidad.<\/li>\n\n\n\n<li>La calidad de vida relacionada con la salud de los supervivientes era muy mala y estaba asociada al n\u00famero y tipo de problemas de salud. Descubrimos que la calidad de vida relacionada con la salud de los supervivientes predec\u00eda la carga de los cuidadores en el CP.<\/li>\n<\/ol>\n\n\n\n<p>Adem\u00e1s, algunos de los resultados fueron sorprendentes:<\/p>\n\n\n\n<ol class=\"wp-block-list\">\n<li>Los niveles de carga sugieren que hasta 80% de los cuidadores pueden estar en riesgo de depresi\u00f3n.<\/li>\n\n\n\n<li>La carga del cuidador se asoci\u00f3 con el n\u00famero y los tipos de problemas de salud del superviviente, no con los datos sociodemogr\u00e1ficos del cuidador ni con la duraci\u00f3n del cuidado.<\/li>\n\n\n\n<li>Gracias al enfoque centrado en el cuidador que adoptamos, nuestro estudio expuso la hiperfagia como una afecci\u00f3n que merece la pena cuantificar y revel\u00f3 s\u00edntomas que no se han descrito en la bibliograf\u00eda, como los problemas dermatol\u00f3gicos.<\/li>\n\n\n\n<li>Nuestro estudio fue el primero en cuantificar la proporci\u00f3n de sujetos con hiperfagia; descubrimos que 70% de los sujetos con obesidad tambi\u00e9n experimentaban hiperfagia. Esto sugiere que la hiperfagia es una necesidad cr\u00edtica insatisfecha para nuestra comunidad que se ha pasado por alto.<\/li>\n\n\n\n<li>Nuestro estudio separ\u00f3 hiperfagia y obesidad, cuestionando el enfoque restrictivo de los nuevos desarrollos terap\u00e9uticos para la obesidad hipotal\u00e1mica en la obesidad solamente.<\/li>\n\n\n\n<li>M\u00e1s del 80% de los sujetos mayores de 18 a\u00f1os resid\u00edan con sus familias de origen y casi todos eran m\u00e9dicamente dependientes de sus cuidadores.  Este resultado apunta a la dependencia de por vida de los supervivientes de sus cuidadores, que se extiende hasta la edad adulta.<\/li>\n<\/ol>\n\n\n\n<h3 class=\"wp-block-heading\"><strong>\u00bfC\u00f3mo pueden aplicarse los hallazgos en la pr\u00e1ctica cl\u00ednica o de otro tipo para ayudar a la comunidad de pacientes?<\/strong><\/h3>\n\n\n\n<ol class=\"wp-block-list\" type=\"a\">\n<li>Nuestros hallazgos llaman especialmente la atenci\u00f3n sobre las necesidades insatisfechas de apoyo de los cuidadores por derecho propio y el alto riesgo de depresi\u00f3n en los cuidadores.<\/li>\n\n\n\n<li>Es importante destacar que demostramos que abordar los m\u00faltiples s\u00edntomas de los supervivientes puede mejorar la CdV de los supervivientes y reducir la carga del cuidador, ofreciendo una v\u00eda para aliviar la carga del cuidador.<\/li>\n\n\n\n<li>Nuestro estudio muestra que la evaluaci\u00f3n de la CVRS del superviviente por parte del cuidador es una herramienta valiosa para medir el impacto global al que se enfrentan los cuidadores de los supervivientes de PC.<\/li>\n\n\n\n<li>Nuestro estudio pone de relieve la dependencia de por vida que los supervivientes tienen de sus cuidadores y que esto puede facilitar la comprensi\u00f3n de los problemas de discapacidad a los que se enfrentan muchos supervivientes de craneofaringioma.<\/li>\n\n\n\n<li>Por \u00faltimo, nuestro estudio subraya la importancia de adoptar un enfoque de investigaci\u00f3n centrado en el paciente\/cuidador, recogiendo tanto la voz del paciente como la del cuidador para identificar mejor las necesidades cr\u00edticas no satisfechas. Las intervenciones futuras deber\u00edan centrarse en los cuidadores adem\u00e1s de en los supervivientes, con especial atenci\u00f3n a las percepciones de los cuidadores sobre las secuelas a largo plazo de los supervivientes de PC.<\/li>\n<\/ol>\n\n\n\n<h3 class=\"wp-block-heading\"><strong>Preguntas de investigaci\u00f3n generadas a partir del estudio<\/strong><\/h3>\n\n\n\n<ol class=\"wp-block-list\" type=\"a\">\n<li>Nuestro estudio separ\u00f3 la hiperfagia de la obesidad e identific\u00f3 la hiperfagia como una necesidad cr\u00edtica insatisfecha tanto para los supervivientes como para los cuidadores. Se necesita investigaci\u00f3n futura para caracterizar y validar mejor los m\u00e9todos para evaluar la hiperfagia. Esto es especialmente importante en el contexto de los ensayos cl\u00ednicos para evaluar la eficacia de un f\u00e1rmaco contra la hiperfagia.<\/li>\n\n\n\n<li>El estudio tambi\u00e9n sugiere ampliar el enfoque del desarrollo de nuevas terapias a los s\u00edntomas de la disfunci\u00f3n hipotal\u00e1mica, como la desregulaci\u00f3n de la temperatura, el mal comportamiento, los problemas de sue\u00f1o, el deterioro social, la fatiga y los problemas psiqui\u00e1tricos, en lugar de centrarse \u00fanicamente en la obesidad hipotal\u00e1mica.<\/li>\n\n\n\n<li>Nuestros hallazgos sugieren que aliviar los s\u00edntomas de los supervivientes no s\u00f3lo mejorar\u00e1 su calidad de vida, sino que tambi\u00e9n reducir\u00e1 la carga de los cuidadores. Esto podr\u00eda mejorar la salud de los cuidadores y, adem\u00e1s, reducir los costes econ\u00f3micos derivados del cuidado de los supervivientes de par\u00e1lisis cerebral. Es necesaria una evaluaci\u00f3n exhaustiva de los costes de la par\u00e1lisis cerebral desde una perspectiva social, teniendo en cuenta el viaje del paciente y del cuidador durante el tiempo que dure la dependencia del superviviente del cuidador.<\/li>\n<\/ol>\n\n\n\n<h3 class=\"wp-block-heading\"><strong>Pr\u00f3ximos pasos<\/strong><\/h3>\n\n\n\n<p><strong>Medici\u00f3n de la hiperfagia<\/strong><\/p>\n\n\n\n<p>Debido a la prevalencia y a la naturaleza adversamente impactante de la hiperfagia en los supervivientes de PC, investigaremos la hiperfagia en la PC. La escasez de investigaci\u00f3n sobre este tema exige un estudio riguroso para caracterizar y medir la hiperfagia en esta poblaci\u00f3n.<\/p>\n\n\n\n<p><strong>Registro de pacientes<\/strong><\/p>\n\n\n\n<p>Dada la importancia de recoger las perspectivas del paciente y del cuidador sobre el impacto de la enfermedad, los tratamientos y otras necesidades no cubiertas, estamos desarrollando un <a href=\"https:\/\/www.rawoodfoundation.org\/es\/registro-de-pacientes\/\">registro de pacientes <\/a>que proporcionar\u00e1 un rico conjunto de datos basados en pruebas para facilitar y orientar futuras investigaciones y estudios cl\u00ednicos sobre las necesidades de los pacientes y cuidadores.<\/p>\n\n\n\n<h3 class=\"wp-block-heading\">Agradecimientos<\/h3>\n\n\n\n<p>Queremos agradecer a los cuidadores su valiosa participaci\u00f3n en este proyecto. Este estudio de investigaci\u00f3n es un gran ejemplo de c\u00f3mo el empoderamiento de pacientes y cuidadores puede influir en la agenda de investigaci\u00f3n para mejorar la atenci\u00f3n y los tratamientos con el fin de aliviar la carga de la enfermedad en la comunidad.<\/p>\n\n\n\n<p><\/p>","protected":false},"excerpt":{"rendered":"<p>La Fundaci\u00f3n Raymond A. Wood acaba de publicar su primer estudio de investigaci\u00f3n titulado \"Caregiver burden and ... <a title=\"La Fundaci\u00f3n Raymond A. Wood revela la carga que soportan los cuidadores en un estudio pionero sobre craneofaringioma\" class=\"read-more\" href=\"https:\/\/www.rawoodfoundation.org\/es\/2023\/08\/29\/raymond-a-wood-foundation-reveals-caregiver-burden-in-pioneering-craniopharyngioma-study\/\" aria-label=\"Leer m\u00e1s sobre La Fundaci\u00f3n Raymond A. Wood revela la carga que soportan los cuidadores en un estudio pionero sobre el craneofaringioma\">Seguir leyendo<\/a><\/p>","protected":false},"author":4,"featured_media":8584,"comment_status":"closed","ping_status":"open","sticky":false,"template":"","format":"standard","meta":{"_acf_changed":false,"footnotes":""},"categories":[41,20,30],"tags":[],"class_list":["post-8580","post","type-post","status-publish","format-standard","has-post-thumbnail","hentry","category-advocacy","category-latest-research","category-rawf-news","generate-columns","tablet-grid-50","mobile-grid-100","grid-parent","grid-33","no-featured-image-padding"],"acf":[],"yoast_head":"<!-- This site is optimized with the Yoast SEO plugin v27.3 - https:\/\/yoast.com\/product\/yoast-seo-wordpress\/ -->\n<title>Raymond A. Wood Foundation Reveals Caregiver Burden in Pioneering Craniopharyngioma Study - Raymond A. Wood Foundation<\/title>\n<meta name=\"robots\" content=\"index, follow, max-snippet:-1, max-image-preview:large, max-video-preview:-1\" \/>\n<link rel=\"canonical\" href=\"https:\/\/www.rawoodfoundation.org\/es\/2023\/08\/29\/la-fundacion-raymond-a-wood-revela-la-carga-que-supone-para-los-cuidadores-un-estudio-pionero-sobre-el-craneofaringioma\/\" \/>\n<meta property=\"og:locale\" content=\"es_MX\" \/>\n<meta property=\"og:type\" content=\"article\" \/>\n<meta property=\"og:title\" content=\"Raymond A. Wood Foundation Reveals Caregiver Burden in Pioneering Craniopharyngioma Study - Raymond A. Wood Foundation\" \/>\n<meta property=\"og:description\" content=\"The Raymond A. Wood Foundation recently published its first research study entitled &#8220;Caregiver burden and ... Read more\" \/>\n<meta property=\"og:url\" content=\"https:\/\/www.rawoodfoundation.org\/es\/2023\/08\/29\/la-fundacion-raymond-a-wood-revela-la-carga-que-supone-para-los-cuidadores-un-estudio-pionero-sobre-el-craneofaringioma\/\" \/>\n<meta property=\"og:site_name\" content=\"Raymond A. Wood Foundation\" \/>\n<meta property=\"article:publisher\" content=\"https:\/\/www.facebook.com\/rawoodfoundation\" \/>\n<meta property=\"article:published_time\" content=\"2023-08-29T17:36:11+00:00\" \/>\n<meta property=\"article:modified_time\" content=\"2023-08-29T17:38:39+00:00\" \/>\n<meta property=\"og:image\" content=\"https:\/\/www.rawoodfoundation.org\/wp-content\/uploads\/2023\/08\/caregiver-burden.jpg\" \/>\n\t<meta property=\"og:image:width\" content=\"600\" \/>\n\t<meta property=\"og:image:height\" content=\"400\" \/>\n\t<meta property=\"og:image:type\" content=\"image\/jpeg\" \/>\n<meta name=\"author\" content=\"Amy Wood\" \/>\n<meta name=\"twitter:card\" content=\"summary_large_image\" \/>\n<meta name=\"twitter:creator\" content=\"@rawoodfound\" \/>\n<meta name=\"twitter:site\" content=\"@rawoodfound\" \/>\n<meta name=\"twitter:label1\" content=\"Escrito por\" \/>\n\t<meta name=\"twitter:data1\" content=\"Amy Wood\" \/>\n\t<meta name=\"twitter:label2\" content=\"Tiempo de lectura\" \/>\n\t<meta name=\"twitter:data2\" content=\"6 minutos\" \/>\n<script type=\"application\/ld+json\" class=\"yoast-schema-graph\">{\"@context\":\"https:\\\/\\\/schema.org\",\"@graph\":[{\"@type\":\"Article\",\"@id\":\"https:\\\/\\\/www.rawoodfoundation.org\\\/2023\\\/08\\\/29\\\/raymond-a-wood-foundation-reveals-caregiver-burden-in-pioneering-craniopharyngioma-study\\\/#article\",\"isPartOf\":{\"@id\":\"https:\\\/\\\/www.rawoodfoundation.org\\\/2023\\\/08\\\/29\\\/raymond-a-wood-foundation-reveals-caregiver-burden-in-pioneering-craniopharyngioma-study\\\/\"},\"author\":{\"name\":\"Amy Wood\",\"@id\":\"https:\\\/\\\/www.rawoodfoundation.org\\\/#\\\/schema\\\/person\\\/3ebf73ab324dc5ae665551e131a06c0e\"},\"headline\":\"Raymond A. Wood Foundation Reveals Caregiver Burden in Pioneering Craniopharyngioma Study\",\"datePublished\":\"2023-08-29T17:36:11+00:00\",\"dateModified\":\"2023-08-29T17:38:39+00:00\",\"mainEntityOfPage\":{\"@id\":\"https:\\\/\\\/www.rawoodfoundation.org\\\/2023\\\/08\\\/29\\\/raymond-a-wood-foundation-reveals-caregiver-burden-in-pioneering-craniopharyngioma-study\\\/\"},\"wordCount\":1257,\"publisher\":{\"@id\":\"https:\\\/\\\/www.rawoodfoundation.org\\\/#organization\"},\"image\":{\"@id\":\"https:\\\/\\\/www.rawoodfoundation.org\\\/2023\\\/08\\\/29\\\/raymond-a-wood-foundation-reveals-caregiver-burden-in-pioneering-craniopharyngioma-study\\\/#primaryimage\"},\"thumbnailUrl\":\"https:\\\/\\\/www.rawoodfoundation.org\\\/wp-content\\\/uploads\\\/2023\\\/08\\\/caregiver-burden.jpg\",\"articleSection\":[\"Advocacy\",\"Latest Research\",\"RAWF News\"],\"inLanguage\":\"es\"},{\"@type\":\"WebPage\",\"@id\":\"https:\\\/\\\/www.rawoodfoundation.org\\\/2023\\\/08\\\/29\\\/raymond-a-wood-foundation-reveals-caregiver-burden-in-pioneering-craniopharyngioma-study\\\/\",\"url\":\"https:\\\/\\\/www.rawoodfoundation.org\\\/2023\\\/08\\\/29\\\/raymond-a-wood-foundation-reveals-caregiver-burden-in-pioneering-craniopharyngioma-study\\\/\",\"name\":\"Raymond A. Wood Foundation Reveals Caregiver Burden in Pioneering Craniopharyngioma Study - Raymond A. Wood Foundation\",\"isPartOf\":{\"@id\":\"https:\\\/\\\/www.rawoodfoundation.org\\\/#website\"},\"primaryImageOfPage\":{\"@id\":\"https:\\\/\\\/www.rawoodfoundation.org\\\/2023\\\/08\\\/29\\\/raymond-a-wood-foundation-reveals-caregiver-burden-in-pioneering-craniopharyngioma-study\\\/#primaryimage\"},\"image\":{\"@id\":\"https:\\\/\\\/www.rawoodfoundation.org\\\/2023\\\/08\\\/29\\\/raymond-a-wood-foundation-reveals-caregiver-burden-in-pioneering-craniopharyngioma-study\\\/#primaryimage\"},\"thumbnailUrl\":\"https:\\\/\\\/www.rawoodfoundation.org\\\/wp-content\\\/uploads\\\/2023\\\/08\\\/caregiver-burden.jpg\",\"datePublished\":\"2023-08-29T17:36:11+00:00\",\"dateModified\":\"2023-08-29T17:38:39+00:00\",\"breadcrumb\":{\"@id\":\"https:\\\/\\\/www.rawoodfoundation.org\\\/2023\\\/08\\\/29\\\/raymond-a-wood-foundation-reveals-caregiver-burden-in-pioneering-craniopharyngioma-study\\\/#breadcrumb\"},\"inLanguage\":\"es\",\"potentialAction\":[{\"@type\":\"ReadAction\",\"target\":[\"https:\\\/\\\/www.rawoodfoundation.org\\\/2023\\\/08\\\/29\\\/raymond-a-wood-foundation-reveals-caregiver-burden-in-pioneering-craniopharyngioma-study\\\/\"]}]},{\"@type\":\"ImageObject\",\"inLanguage\":\"es\",\"@id\":\"https:\\\/\\\/www.rawoodfoundation.org\\\/2023\\\/08\\\/29\\\/raymond-a-wood-foundation-reveals-caregiver-burden-in-pioneering-craniopharyngioma-study\\\/#primaryimage\",\"url\":\"https:\\\/\\\/www.rawoodfoundation.org\\\/wp-content\\\/uploads\\\/2023\\\/08\\\/caregiver-burden.jpg\",\"contentUrl\":\"https:\\\/\\\/www.rawoodfoundation.org\\\/wp-content\\\/uploads\\\/2023\\\/08\\\/caregiver-burden.jpg\",\"width\":600,\"height\":400,\"caption\":\"Woman looking out the window\"},{\"@type\":\"BreadcrumbList\",\"@id\":\"https:\\\/\\\/www.rawoodfoundation.org\\\/2023\\\/08\\\/29\\\/raymond-a-wood-foundation-reveals-caregiver-burden-in-pioneering-craniopharyngioma-study\\\/#breadcrumb\",\"itemListElement\":[{\"@type\":\"ListItem\",\"position\":1,\"name\":\"Home\",\"item\":\"https:\\\/\\\/www.rawoodfoundation.org\\\/\"},{\"@type\":\"ListItem\",\"position\":2,\"name\":\"Raymond A. Wood Foundation Reveals Caregiver Burden in Pioneering Craniopharyngioma Study\"}]},{\"@type\":\"WebSite\",\"@id\":\"https:\\\/\\\/www.rawoodfoundation.org\\\/#website\",\"url\":\"https:\\\/\\\/www.rawoodfoundation.org\\\/\",\"name\":\"Raymond A. Wood Foundation\",\"description\":\"The mission of the RAWF is to provide quality of life support for childhood brain tumor survivors and their families.\",\"publisher\":{\"@id\":\"https:\\\/\\\/www.rawoodfoundation.org\\\/#organization\"},\"potentialAction\":[{\"@type\":\"SearchAction\",\"target\":{\"@type\":\"EntryPoint\",\"urlTemplate\":\"https:\\\/\\\/www.rawoodfoundation.org\\\/?s={search_term_string}\"},\"query-input\":{\"@type\":\"PropertyValueSpecification\",\"valueRequired\":true,\"valueName\":\"search_term_string\"}}],\"inLanguage\":\"es\"},{\"@type\":\"Organization\",\"@id\":\"https:\\\/\\\/www.rawoodfoundation.org\\\/#organization\",\"name\":\"Raymond A. Wood Foundation\",\"url\":\"https:\\\/\\\/www.rawoodfoundation.org\\\/\",\"logo\":{\"@type\":\"ImageObject\",\"inLanguage\":\"es\",\"@id\":\"https:\\\/\\\/www.rawoodfoundation.org\\\/#\\\/schema\\\/logo\\\/image\\\/\",\"url\":\"https:\\\/\\\/www.rawoodfoundation.org\\\/wp-content\\\/uploads\\\/2023\\\/07\\\/Raymond-A-Wood-Foundation-logo.webp\",\"contentUrl\":\"https:\\\/\\\/www.rawoodfoundation.org\\\/wp-content\\\/uploads\\\/2023\\\/07\\\/Raymond-A-Wood-Foundation-logo.webp\",\"width\":470,\"height\":128,\"caption\":\"Raymond A. Wood Foundation\"},\"image\":{\"@id\":\"https:\\\/\\\/www.rawoodfoundation.org\\\/#\\\/schema\\\/logo\\\/image\\\/\"},\"sameAs\":[\"https:\\\/\\\/www.facebook.com\\\/rawoodfoundation\",\"https:\\\/\\\/x.com\\\/rawoodfound\"]},{\"@type\":\"Person\",\"@id\":\"https:\\\/\\\/www.rawoodfoundation.org\\\/#\\\/schema\\\/person\\\/3ebf73ab324dc5ae665551e131a06c0e\",\"name\":\"Amy Wood\",\"url\":\"https:\\\/\\\/www.rawoodfoundation.org\\\/es\\\/author\\\/amy\\\/\"}]}<\/script>\n<!-- \/ Yoast SEO plugin. -->","yoast_head_json":{"title":"La Fundaci\u00f3n Raymond A. Wood revela la carga que soportan los cuidadores en un estudio pionero sobre craneofaringioma - Fundaci\u00f3n Raymond A. Wood","robots":{"index":"index","follow":"follow","max-snippet":"max-snippet:-1","max-image-preview":"max-image-preview:large","max-video-preview":"max-video-preview:-1"},"canonical":"https:\/\/www.rawoodfoundation.org\/es\/2023\/08\/29\/la-fundacion-raymond-a-wood-revela-la-carga-que-supone-para-los-cuidadores-un-estudio-pionero-sobre-el-craneofaringioma\/","og_locale":"es_MX","og_type":"article","og_title":"Raymond A. Wood Foundation Reveals Caregiver Burden in Pioneering Craniopharyngioma Study - Raymond A. Wood Foundation","og_description":"The Raymond A. Wood Foundation recently published its first research study entitled &#8220;Caregiver burden and ... Read more","og_url":"https:\/\/www.rawoodfoundation.org\/es\/2023\/08\/29\/la-fundacion-raymond-a-wood-revela-la-carga-que-supone-para-los-cuidadores-un-estudio-pionero-sobre-el-craneofaringioma\/","og_site_name":"Raymond A. Wood Foundation","article_publisher":"https:\/\/www.facebook.com\/rawoodfoundation","article_published_time":"2023-08-29T17:36:11+00:00","article_modified_time":"2023-08-29T17:38:39+00:00","og_image":[{"width":600,"height":400,"url":"https:\/\/www.rawoodfoundation.org\/wp-content\/uploads\/2023\/08\/caregiver-burden.jpg","type":"image\/jpeg"}],"author":"Amy Wood","twitter_card":"summary_large_image","twitter_creator":"@rawoodfound","twitter_site":"@rawoodfound","twitter_misc":{"Escrito por":"Amy Wood","Tiempo de lectura":"6 minutos"},"schema":{"@context":"https:\/\/schema.org","@graph":[{"@type":"Article","@id":"https:\/\/www.rawoodfoundation.org\/2023\/08\/29\/raymond-a-wood-foundation-reveals-caregiver-burden-in-pioneering-craniopharyngioma-study\/#article","isPartOf":{"@id":"https:\/\/www.rawoodfoundation.org\/2023\/08\/29\/raymond-a-wood-foundation-reveals-caregiver-burden-in-pioneering-craniopharyngioma-study\/"},"author":{"name":"Amy Wood","@id":"https:\/\/www.rawoodfoundation.org\/#\/schema\/person\/3ebf73ab324dc5ae665551e131a06c0e"},"headline":"Raymond A. Wood Foundation Reveals Caregiver Burden in Pioneering Craniopharyngioma Study","datePublished":"2023-08-29T17:36:11+00:00","dateModified":"2023-08-29T17:38:39+00:00","mainEntityOfPage":{"@id":"https:\/\/www.rawoodfoundation.org\/2023\/08\/29\/raymond-a-wood-foundation-reveals-caregiver-burden-in-pioneering-craniopharyngioma-study\/"},"wordCount":1257,"publisher":{"@id":"https:\/\/www.rawoodfoundation.org\/#organization"},"image":{"@id":"https:\/\/www.rawoodfoundation.org\/2023\/08\/29\/raymond-a-wood-foundation-reveals-caregiver-burden-in-pioneering-craniopharyngioma-study\/#primaryimage"},"thumbnailUrl":"https:\/\/www.rawoodfoundation.org\/wp-content\/uploads\/2023\/08\/caregiver-burden.jpg","articleSection":["Advocacy","Latest Research","RAWF News"],"inLanguage":"es"},{"@type":"WebPage","@id":"https:\/\/www.rawoodfoundation.org\/2023\/08\/29\/raymond-a-wood-foundation-reveals-caregiver-burden-in-pioneering-craniopharyngioma-study\/","url":"https:\/\/www.rawoodfoundation.org\/2023\/08\/29\/raymond-a-wood-foundation-reveals-caregiver-burden-in-pioneering-craniopharyngioma-study\/","name":"La Fundaci\u00f3n Raymond A. Wood revela la carga que soportan los cuidadores en un estudio pionero sobre craneofaringioma - Fundaci\u00f3n Raymond A. Wood","isPartOf":{"@id":"https:\/\/www.rawoodfoundation.org\/#website"},"primaryImageOfPage":{"@id":"https:\/\/www.rawoodfoundation.org\/2023\/08\/29\/raymond-a-wood-foundation-reveals-caregiver-burden-in-pioneering-craniopharyngioma-study\/#primaryimage"},"image":{"@id":"https:\/\/www.rawoodfoundation.org\/2023\/08\/29\/raymond-a-wood-foundation-reveals-caregiver-burden-in-pioneering-craniopharyngioma-study\/#primaryimage"},"thumbnailUrl":"https:\/\/www.rawoodfoundation.org\/wp-content\/uploads\/2023\/08\/caregiver-burden.jpg","datePublished":"2023-08-29T17:36:11+00:00","dateModified":"2023-08-29T17:38:39+00:00","breadcrumb":{"@id":"https:\/\/www.rawoodfoundation.org\/2023\/08\/29\/raymond-a-wood-foundation-reveals-caregiver-burden-in-pioneering-craniopharyngioma-study\/#breadcrumb"},"inLanguage":"es","potentialAction":[{"@type":"ReadAction","target":["https:\/\/www.rawoodfoundation.org\/2023\/08\/29\/raymond-a-wood-foundation-reveals-caregiver-burden-in-pioneering-craniopharyngioma-study\/"]}]},{"@type":"ImageObject","inLanguage":"es","@id":"https:\/\/www.rawoodfoundation.org\/2023\/08\/29\/raymond-a-wood-foundation-reveals-caregiver-burden-in-pioneering-craniopharyngioma-study\/#primaryimage","url":"https:\/\/www.rawoodfoundation.org\/wp-content\/uploads\/2023\/08\/caregiver-burden.jpg","contentUrl":"https:\/\/www.rawoodfoundation.org\/wp-content\/uploads\/2023\/08\/caregiver-burden.jpg","width":600,"height":400,"caption":"Woman looking out the window"},{"@type":"BreadcrumbList","@id":"https:\/\/www.rawoodfoundation.org\/2023\/08\/29\/raymond-a-wood-foundation-reveals-caregiver-burden-in-pioneering-craniopharyngioma-study\/#breadcrumb","itemListElement":[{"@type":"ListItem","position":1,"name":"Home","item":"https:\/\/www.rawoodfoundation.org\/"},{"@type":"ListItem","position":2,"name":"Raymond A. Wood Foundation Reveals Caregiver Burden in Pioneering Craniopharyngioma Study"}]},{"@type":"WebSite","@id":"https:\/\/www.rawoodfoundation.org\/#website","url":"https:\/\/www.rawoodfoundation.org\/","name":"Fundaci\u00f3n Raymond A. Wood","description":"La misi\u00f3n de la RAWF es proporcionar apoyo a la calidad de vida de los supervivientes de tumores cerebrales infantiles y sus familias.","publisher":{"@id":"https:\/\/www.rawoodfoundation.org\/#organization"},"potentialAction":[{"@type":"SearchAction","target":{"@type":"EntryPoint","urlTemplate":"https:\/\/www.rawoodfoundation.org\/?s={search_term_string}"},"query-input":{"@type":"PropertyValueSpecification","valueRequired":true,"valueName":"search_term_string"}}],"inLanguage":"es"},{"@type":"Organization","@id":"https:\/\/www.rawoodfoundation.org\/#organization","name":"Fundaci\u00f3n Raymond A. Wood","url":"https:\/\/www.rawoodfoundation.org\/","logo":{"@type":"ImageObject","inLanguage":"es","@id":"https:\/\/www.rawoodfoundation.org\/#\/schema\/logo\/image\/","url":"https:\/\/www.rawoodfoundation.org\/wp-content\/uploads\/2023\/07\/Raymond-A-Wood-Foundation-logo.webp","contentUrl":"https:\/\/www.rawoodfoundation.org\/wp-content\/uploads\/2023\/07\/Raymond-A-Wood-Foundation-logo.webp","width":470,"height":128,"caption":"Raymond A. Wood Foundation"},"image":{"@id":"https:\/\/www.rawoodfoundation.org\/#\/schema\/logo\/image\/"},"sameAs":["https:\/\/www.facebook.com\/rawoodfoundation","https:\/\/x.com\/rawoodfound"]},{"@type":"Person","@id":"https:\/\/www.rawoodfoundation.org\/#\/schema\/person\/3ebf73ab324dc5ae665551e131a06c0e","name":"Amy Wood","url":"https:\/\/www.rawoodfoundation.org\/es\/author\/amy\/"}]}},"_links":{"self":[{"href":"https:\/\/www.rawoodfoundation.org\/es\/wp-json\/wp\/v2\/posts\/8580","targetHints":{"allow":["GET"]}}],"collection":[{"href":"https:\/\/www.rawoodfoundation.org\/es\/wp-json\/wp\/v2\/posts"}],"about":[{"href":"https:\/\/www.rawoodfoundation.org\/es\/wp-json\/wp\/v2\/types\/post"}],"author":[{"embeddable":true,"href":"https:\/\/www.rawoodfoundation.org\/es\/wp-json\/wp\/v2\/users\/4"}],"replies":[{"embeddable":true,"href":"https:\/\/www.rawoodfoundation.org\/es\/wp-json\/wp\/v2\/comments?post=8580"}],"version-history":[{"count":7,"href":"https:\/\/www.rawoodfoundation.org\/es\/wp-json\/wp\/v2\/posts\/8580\/revisions"}],"predecessor-version":[{"id":17451,"href":"https:\/\/www.rawoodfoundation.org\/es\/wp-json\/wp\/v2\/posts\/8580\/revisions\/17451"}],"wp:featuredmedia":[{"embeddable":true,"href":"https:\/\/www.rawoodfoundation.org\/es\/wp-json\/wp\/v2\/media\/8584"}],"wp:attachment":[{"href":"https:\/\/www.rawoodfoundation.org\/es\/wp-json\/wp\/v2\/media?parent=8580"}],"wp:term":[{"taxonomy":"category","embeddable":true,"href":"https:\/\/www.rawoodfoundation.org\/es\/wp-json\/wp\/v2\/categories?post=8580"},{"taxonomy":"post_tag","embeddable":true,"href":"https:\/\/www.rawoodfoundation.org\/es\/wp-json\/wp\/v2\/tags?post=8580"}],"curies":[{"name":"wp","href":"https:\/\/api.w.org\/{rel}","templated":true}]}}