{"id":8252,"date":"2023-08-14T23:55:13","date_gmt":"2023-08-14T23:55:13","guid":{"rendered":"https:\/\/live-rawf.pantheonsite.io\/?p=8252"},"modified":"2023-08-22T20:43:24","modified_gmt":"2023-08-22T20:43:24","slug":"preparacion-para-el-curso-escolar-ieps-504-y-conocimiento-de-sus-derechos","status":"publish","type":"post","link":"https:\/\/www.rawoodfoundation.org\/es\/2023\/08\/14\/preparing-for-the-school-year-ieps-504s-and-understanding-your-rights\/","title":{"rendered":"Navegar por la educaci\u00f3n especial para un buen curso escolar"},"content":{"rendered":"<p>En preparaci\u00f3n del pr\u00f3ximo curso escolar, nos sumergimos en un tema crucial para padres y cuidadores: la preparaci\u00f3n para el nuevo curso escolar en el \u00e1mbito de la educaci\u00f3n especial. El diagn\u00f3stico de un tumor cerebral puede suponer retos \u00fanicos tanto para el ni\u00f1o como para su familia, y garantizar una experiencia educativa satisfactoria y de apoyo requiere una cuidadosa planificaci\u00f3n y colaboraci\u00f3n. <\/p>\n\n\n\n<p>Cheryl Theis es defensora de la educaci\u00f3n en el Fondo de Educaci\u00f3n y Defensa de los Derechos de las Personas con Discapacidad. Nos ayuda a entender mejor las leyes, los planes y las adaptaciones de la educaci\u00f3n especial.<\/p>\n\n\n\n<figure class=\"wp-block-embed is-type-video is-provider-youtube wp-block-embed-youtube wp-embed-aspect-16-9 wp-has-aspect-ratio\"><div class=\"wp-block-embed__wrapper\">\n<iframe title=\"Preparaci\u00f3n para el curso escolar: IEPS, 504 y sus derechos\" width=\"1200\" height=\"675\" src=\"https:\/\/www.youtube.com\/embed\/NKp8iuQHQoA?feature=oembed\" frameborder=\"0\" allow=\"accelerometer; autoplay; clipboard-write; encrypted-media; gyroscope; picture-in-picture; web-share\" allowfullscreen><\/iframe>\n<\/div><\/figure>\n\n\n\n<p><strong>Comprender el reto:<\/strong> Recibir un diagn\u00f3stico de tumor cerebral para su hijo puede ser abrumador, y la idea de la transici\u00f3n de vuelta a la escuela puede plantear varias preocupaciones. Es importante reconocer que el itinerario educativo de su hijo puede necesitar algunas adaptaciones para tener en cuenta su estado de salud. Los servicios de educaci\u00f3n especial est\u00e1n dise\u00f1ados para ayudar a los ni\u00f1os con necesidades especiales, y comprender el proceso puede facilitar considerablemente la transici\u00f3n.<\/p>\n\n\n\n<p><strong>Consideraciones clave:<\/strong><\/p>\n\n\n\n<ol class=\"wp-block-list\">\n<li><strong>Evaluaci\u00f3n y Plan Educativo Individualizado (PEI):<\/strong> Si su hijo necesita servicios de educaci\u00f3n especial, se elaborar\u00e1 un PEI para describir sus necesidades y objetivos educativos espec\u00edficos. Colabore con el equipo de educaci\u00f3n especial de la escuela para asegurarse de que el plan aborda las necesidades m\u00e9dicas y acad\u00e9micas de su hijo.<\/li>\n\n\n\n<li><strong>Documentaci\u00f3n m\u00e9dica:<\/strong> Proporcione a la escuela la documentaci\u00f3n m\u00e9dica necesaria, como planes de tratamiento y recomendaciones del m\u00e9dico. Esta informaci\u00f3n ayuda a los educadores y al personal a comprender las necesidades de salud de su hijo y las posibles repercusiones en su aprendizaje.<\/li>\n\n\n\n<li><strong>Comunicaci\u00f3n:<\/strong> Establezca l\u00edneas abiertas de comunicaci\u00f3n con los profesores de su hijo, la enfermera del colegio y los administradores. Las actualizaciones peri\u00f3dicas sobre el estado de su hijo y cualquier cambio pueden ayudar a la escuela a proporcionar el apoyo adecuado.<\/li>\n\n\n\n<li><strong>Estrategias de adaptaci\u00f3n:<\/strong> Colabore con la escuela para poner en pr\u00e1ctica estrategias de adaptaci\u00f3n que puedan facilitar el aprendizaje de su hijo. Por ejemplo, pausas m\u00e1s largas, un espacio tranquilo para descansar o pol\u00edticas de asistencia flexibles.<\/li>\n<\/ol>\n\n\n\n<p><strong>Consejos pr\u00e1cticos:<\/strong><\/p>\n\n\n\n<ol class=\"wp-block-list\">\n<li><strong>Planifique con antelaci\u00f3n:<\/strong> Comience a prepararse para el nuevo curso escolar con suficiente antelaci\u00f3n. Comenta las necesidades de tu hijo con su equipo m\u00e9dico y el colegio para crear un plan integral.<\/li>\n\n\n\n<li><strong>Re\u00fanase con la Escuela:<\/strong> Concierte una reuni\u00f3n con el equipo de educaci\u00f3n especial del centro para hablar del diagn\u00f3stico y las necesidades de su hijo. Es una oportunidad para compartir informaci\u00f3n y colaborar en el mejor apoyo posible.<\/li>\n\n\n\n<li><strong>Educar a la comunidad escolar:<\/strong> Ayude a concienciar a los profesores, al personal y a otros padres sobre la enfermedad de su hijo. Esto puede fomentar la comprensi\u00f3n y la empat\u00eda dentro de la comunidad escolar.<\/li>\n\n\n\n<li><strong>Apoyo emocional:<\/strong> Reconozca que la carga emocional de un diagn\u00f3stico de tumor cerebral puede afectar al bienestar mental de su hijo. Aseg\u00farese de que la escuela est\u00e1 equipada para proporcionar apoyo emocional si es necesario.<\/li>\n<\/ol>\n\n\n\n<p><strong>Recursos:<\/strong><\/p>\n\n\n\n<ol class=\"wp-block-list\">\n<li><strong>Grupos de apoyo locales:<\/strong> Busque grupos locales de apoyo para padres de ni\u00f1os con tumores cerebrales. Estos grupos pueden ofrecer informaci\u00f3n valiosa y apoyo emocional.<\/li>\n\n\n\n<li><strong>Recursos en l\u00ednea:<\/strong> Explore plataformas, foros y organizaciones en l\u00ednea que ofrecen informaci\u00f3n y recursos para padres de ni\u00f1os con tumores cerebrales.<\/li>\n\n\n\n<li><strong>Organizaciones de defensa:<\/strong> Con\u00e9ctese con organizaciones de defensa centradas en la concienciaci\u00f3n y el apoyo a los tumores cerebrales. A menudo ofrecen recursos educativos y orientaci\u00f3n.<\/li>\n<\/ol>\n\n\n\n<p><strong>Conclusi\u00f3n:<\/strong> Como padre o cuidador, la preparaci\u00f3n para el nuevo a\u00f1o escolar con un ni\u00f1o diagnosticado con un tumor cerebral requiere una planificaci\u00f3n cuidadosa y una comunicaci\u00f3n proactiva. Al comprender el proceso de educaci\u00f3n especial, colaborar con la escuela y acceder a los recursos disponibles, puede asegurarse de que su hijo reciba el apoyo que necesita para prosperar acad\u00e9mica y emocionalmente. Recuerde que no est\u00e1 solo en este viaje y que existen numerosos recursos y comunidades dispuestos a proporcionarle ayuda y orientaci\u00f3n.<\/p>\n\n\n\n<p><strong>Enlaces a recursos:<\/strong><\/p>\n\n\n\n<p><a href=\"https:\/\/dredf.org\/\" target=\"_blank\" rel=\"noreferrer noopener\">Fondo para la Educaci\u00f3n y Defensa de los Derechos de las Personas con Discapacidad<\/a><\/p>\n\n\n\n<p><a href=\"Slides: Supporting the Rights of Children with Disabilities\/Medical Needs\">Diapositivas: Apoyar los derechos de los ni\u00f1os con discapacidades\/necesidades m\u00e9dicas<\/a><\/p>","protected":false},"excerpt":{"rendered":"<p>De cara al pr\u00f3ximo curso escolar, nos sumergimos en un tema crucial para los padres... <a title=\"Navegar por la educaci\u00f3n especial para un buen curso escolar\" class=\"read-more\" href=\"https:\/\/www.rawoodfoundation.org\/es\/2023\/08\/14\/preparing-for-the-school-year-ieps-504s-and-understanding-your-rights\/\" aria-label=\"Leer m\u00e1s sobre La educaci\u00f3n especial y el \u00e9xito del curso escolar\">Seguir leyendo<\/a><\/p>","protected":false},"author":6,"featured_media":8257,"comment_status":"closed","ping_status":"open","sticky":false,"template":"","format":"standard","meta":{"_acf_changed":false,"footnotes":""},"categories":[41,40],"tags":[],"class_list":["post-8252","post","type-post","status-publish","format-standard","has-post-thumbnail","hentry","category-advocacy","category-education","generate-columns","tablet-grid-50","mobile-grid-100","grid-parent","grid-33","no-featured-image-padding"],"acf":[],"yoast_head":"<!-- This site is optimized with the Yoast SEO plugin v27.3 - https:\/\/yoast.com\/product\/yoast-seo-wordpress\/ -->\n<title>Navigating Special Education for a Successful School Year - Raymond A. Wood Foundation<\/title>\n<meta name=\"robots\" content=\"index, follow, max-snippet:-1, max-image-preview:large, max-video-preview:-1\" \/>\n<link rel=\"canonical\" href=\"https:\/\/www.rawoodfoundation.org\/es\/2023\/08\/14\/preparacion-para-el-curso-escolar-ieps-504-y-conocimiento-de-sus-derechos\/\" \/>\n<meta property=\"og:locale\" content=\"es_MX\" \/>\n<meta property=\"og:type\" content=\"article\" \/>\n<meta property=\"og:title\" content=\"Navigating Special Education for a Successful School Year - Raymond A. Wood Foundation\" \/>\n<meta property=\"og:description\" content=\"In preparation of the upcoming school year, we dive into a crucial topic for parents ... Read more\" \/>\n<meta property=\"og:url\" content=\"https:\/\/www.rawoodfoundation.org\/es\/2023\/08\/14\/preparacion-para-el-curso-escolar-ieps-504-y-conocimiento-de-sus-derechos\/\" \/>\n<meta property=\"og:site_name\" content=\"Raymond A. Wood Foundation\" \/>\n<meta property=\"article:publisher\" content=\"https:\/\/www.facebook.com\/rawoodfoundation\" \/>\n<meta property=\"article:published_time\" content=\"2023-08-14T23:55:13+00:00\" \/>\n<meta property=\"article:modified_time\" content=\"2023-08-22T20:43:24+00:00\" \/>\n<meta property=\"og:image\" content=\"https:\/\/www.rawoodfoundation.org\/wp-content\/uploads\/2023\/08\/backtoschool.jpg\" \/>\n\t<meta property=\"og:image:width\" content=\"360\" \/>\n\t<meta property=\"og:image:height\" content=\"240\" \/>\n\t<meta property=\"og:image:type\" content=\"image\/jpeg\" \/>\n<meta name=\"author\" content=\"RAWF\" \/>\n<meta name=\"twitter:card\" content=\"summary_large_image\" \/>\n<meta name=\"twitter:creator\" content=\"@rawoodfound\" \/>\n<meta name=\"twitter:site\" content=\"@rawoodfound\" \/>\n<meta name=\"twitter:label1\" content=\"Escrito por\" \/>\n\t<meta name=\"twitter:data1\" content=\"RAWF\" \/>\n\t<meta name=\"twitter:label2\" content=\"Tiempo de lectura\" \/>\n\t<meta name=\"twitter:data2\" content=\"3 minutos\" \/>\n<script type=\"application\/ld+json\" class=\"yoast-schema-graph\">{\"@context\":\"https:\\\/\\\/schema.org\",\"@graph\":[{\"@type\":\"Article\",\"@id\":\"https:\\\/\\\/www.rawoodfoundation.org\\\/2023\\\/08\\\/14\\\/preparing-for-the-school-year-ieps-504s-and-understanding-your-rights\\\/#article\",\"isPartOf\":{\"@id\":\"https:\\\/\\\/www.rawoodfoundation.org\\\/2023\\\/08\\\/14\\\/preparing-for-the-school-year-ieps-504s-and-understanding-your-rights\\\/\"},\"author\":{\"name\":\"RAWF\",\"@id\":\"https:\\\/\\\/www.rawoodfoundation.org\\\/#\\\/schema\\\/person\\\/12e3ee04f1646efc9cbbc13eb127f3b4\"},\"headline\":\"Navigating Special Education for a Successful School Year\",\"datePublished\":\"2023-08-14T23:55:13+00:00\",\"dateModified\":\"2023-08-22T20:43:24+00:00\",\"mainEntityOfPage\":{\"@id\":\"https:\\\/\\\/www.rawoodfoundation.org\\\/2023\\\/08\\\/14\\\/preparing-for-the-school-year-ieps-504s-and-understanding-your-rights\\\/\"},\"wordCount\":597,\"publisher\":{\"@id\":\"https:\\\/\\\/www.rawoodfoundation.org\\\/#organization\"},\"image\":{\"@id\":\"https:\\\/\\\/www.rawoodfoundation.org\\\/2023\\\/08\\\/14\\\/preparing-for-the-school-year-ieps-504s-and-understanding-your-rights\\\/#primaryimage\"},\"thumbnailUrl\":\"https:\\\/\\\/www.rawoodfoundation.org\\\/wp-content\\\/uploads\\\/2023\\\/08\\\/backtoschool.jpg\",\"articleSection\":[\"Advocacy\",\"Education\"],\"inLanguage\":\"es\"},{\"@type\":\"WebPage\",\"@id\":\"https:\\\/\\\/www.rawoodfoundation.org\\\/2023\\\/08\\\/14\\\/preparing-for-the-school-year-ieps-504s-and-understanding-your-rights\\\/\",\"url\":\"https:\\\/\\\/www.rawoodfoundation.org\\\/2023\\\/08\\\/14\\\/preparing-for-the-school-year-ieps-504s-and-understanding-your-rights\\\/\",\"name\":\"Navigating Special Education for a Successful School Year - Raymond A. Wood Foundation\",\"isPartOf\":{\"@id\":\"https:\\\/\\\/www.rawoodfoundation.org\\\/#website\"},\"primaryImageOfPage\":{\"@id\":\"https:\\\/\\\/www.rawoodfoundation.org\\\/2023\\\/08\\\/14\\\/preparing-for-the-school-year-ieps-504s-and-understanding-your-rights\\\/#primaryimage\"},\"image\":{\"@id\":\"https:\\\/\\\/www.rawoodfoundation.org\\\/2023\\\/08\\\/14\\\/preparing-for-the-school-year-ieps-504s-and-understanding-your-rights\\\/#primaryimage\"},\"thumbnailUrl\":\"https:\\\/\\\/www.rawoodfoundation.org\\\/wp-content\\\/uploads\\\/2023\\\/08\\\/backtoschool.jpg\",\"datePublished\":\"2023-08-14T23:55:13+00:00\",\"dateModified\":\"2023-08-22T20:43:24+00:00\",\"breadcrumb\":{\"@id\":\"https:\\\/\\\/www.rawoodfoundation.org\\\/2023\\\/08\\\/14\\\/preparing-for-the-school-year-ieps-504s-and-understanding-your-rights\\\/#breadcrumb\"},\"inLanguage\":\"es\",\"potentialAction\":[{\"@type\":\"ReadAction\",\"target\":[\"https:\\\/\\\/www.rawoodfoundation.org\\\/2023\\\/08\\\/14\\\/preparing-for-the-school-year-ieps-504s-and-understanding-your-rights\\\/\"]}]},{\"@type\":\"ImageObject\",\"inLanguage\":\"es\",\"@id\":\"https:\\\/\\\/www.rawoodfoundation.org\\\/2023\\\/08\\\/14\\\/preparing-for-the-school-year-ieps-504s-and-understanding-your-rights\\\/#primaryimage\",\"url\":\"https:\\\/\\\/www.rawoodfoundation.org\\\/wp-content\\\/uploads\\\/2023\\\/08\\\/backtoschool.jpg\",\"contentUrl\":\"https:\\\/\\\/www.rawoodfoundation.org\\\/wp-content\\\/uploads\\\/2023\\\/08\\\/backtoschool.jpg\",\"width\":360,\"height\":240,\"caption\":\"Dad walking kids to school\"},{\"@type\":\"BreadcrumbList\",\"@id\":\"https:\\\/\\\/www.rawoodfoundation.org\\\/2023\\\/08\\\/14\\\/preparing-for-the-school-year-ieps-504s-and-understanding-your-rights\\\/#breadcrumb\",\"itemListElement\":[{\"@type\":\"ListItem\",\"position\":1,\"name\":\"Home\",\"item\":\"https:\\\/\\\/www.rawoodfoundation.org\\\/\"},{\"@type\":\"ListItem\",\"position\":2,\"name\":\"Navigating Special Education for a Successful School Year\"}]},{\"@type\":\"WebSite\",\"@id\":\"https:\\\/\\\/www.rawoodfoundation.org\\\/#website\",\"url\":\"https:\\\/\\\/www.rawoodfoundation.org\\\/\",\"name\":\"Raymond A. Wood Foundation\",\"description\":\"The mission of the RAWF is to provide quality of life support for childhood brain tumor survivors and their families.\",\"publisher\":{\"@id\":\"https:\\\/\\\/www.rawoodfoundation.org\\\/#organization\"},\"potentialAction\":[{\"@type\":\"SearchAction\",\"target\":{\"@type\":\"EntryPoint\",\"urlTemplate\":\"https:\\\/\\\/www.rawoodfoundation.org\\\/?s={search_term_string}\"},\"query-input\":{\"@type\":\"PropertyValueSpecification\",\"valueRequired\":true,\"valueName\":\"search_term_string\"}}],\"inLanguage\":\"es\"},{\"@type\":\"Organization\",\"@id\":\"https:\\\/\\\/www.rawoodfoundation.org\\\/#organization\",\"name\":\"Raymond A. Wood Foundation\",\"url\":\"https:\\\/\\\/www.rawoodfoundation.org\\\/\",\"logo\":{\"@type\":\"ImageObject\",\"inLanguage\":\"es\",\"@id\":\"https:\\\/\\\/www.rawoodfoundation.org\\\/#\\\/schema\\\/logo\\\/image\\\/\",\"url\":\"https:\\\/\\\/www.rawoodfoundation.org\\\/wp-content\\\/uploads\\\/2023\\\/07\\\/Raymond-A-Wood-Foundation-logo.webp\",\"contentUrl\":\"https:\\\/\\\/www.rawoodfoundation.org\\\/wp-content\\\/uploads\\\/2023\\\/07\\\/Raymond-A-Wood-Foundation-logo.webp\",\"width\":470,\"height\":128,\"caption\":\"Raymond A. Wood Foundation\"},\"image\":{\"@id\":\"https:\\\/\\\/www.rawoodfoundation.org\\\/#\\\/schema\\\/logo\\\/image\\\/\"},\"sameAs\":[\"https:\\\/\\\/www.facebook.com\\\/rawoodfoundation\",\"https:\\\/\\\/x.com\\\/rawoodfound\"]},{\"@type\":\"Person\",\"@id\":\"https:\\\/\\\/www.rawoodfoundation.org\\\/#\\\/schema\\\/person\\\/12e3ee04f1646efc9cbbc13eb127f3b4\",\"name\":\"RAWF\",\"url\":\"https:\\\/\\\/www.rawoodfoundation.org\\\/es\\\/author\\\/rawf\\\/\"}]}<\/script>\n<!-- \/ Yoast SEO plugin. -->","yoast_head_json":{"title":"Navegar por la educaci\u00f3n especial para un a\u00f1o escolar exitoso - Raymond A. Wood Foundation","robots":{"index":"index","follow":"follow","max-snippet":"max-snippet:-1","max-image-preview":"max-image-preview:large","max-video-preview":"max-video-preview:-1"},"canonical":"https:\/\/www.rawoodfoundation.org\/es\/2023\/08\/14\/preparacion-para-el-curso-escolar-ieps-504-y-conocimiento-de-sus-derechos\/","og_locale":"es_MX","og_type":"article","og_title":"Navigating Special Education for a Successful School Year - Raymond A. Wood Foundation","og_description":"In preparation of the upcoming school year, we dive into a crucial topic for parents ... Read more","og_url":"https:\/\/www.rawoodfoundation.org\/es\/2023\/08\/14\/preparacion-para-el-curso-escolar-ieps-504-y-conocimiento-de-sus-derechos\/","og_site_name":"Raymond A. Wood Foundation","article_publisher":"https:\/\/www.facebook.com\/rawoodfoundation","article_published_time":"2023-08-14T23:55:13+00:00","article_modified_time":"2023-08-22T20:43:24+00:00","og_image":[{"width":360,"height":240,"url":"https:\/\/www.rawoodfoundation.org\/wp-content\/uploads\/2023\/08\/backtoschool.jpg","type":"image\/jpeg"}],"author":"RAWF","twitter_card":"summary_large_image","twitter_creator":"@rawoodfound","twitter_site":"@rawoodfound","twitter_misc":{"Escrito por":"RAWF","Tiempo de lectura":"3 minutos"},"schema":{"@context":"https:\/\/schema.org","@graph":[{"@type":"Article","@id":"https:\/\/www.rawoodfoundation.org\/2023\/08\/14\/preparing-for-the-school-year-ieps-504s-and-understanding-your-rights\/#article","isPartOf":{"@id":"https:\/\/www.rawoodfoundation.org\/2023\/08\/14\/preparing-for-the-school-year-ieps-504s-and-understanding-your-rights\/"},"author":{"name":"RAWF","@id":"https:\/\/www.rawoodfoundation.org\/#\/schema\/person\/12e3ee04f1646efc9cbbc13eb127f3b4"},"headline":"Navigating Special Education for a Successful School Year","datePublished":"2023-08-14T23:55:13+00:00","dateModified":"2023-08-22T20:43:24+00:00","mainEntityOfPage":{"@id":"https:\/\/www.rawoodfoundation.org\/2023\/08\/14\/preparing-for-the-school-year-ieps-504s-and-understanding-your-rights\/"},"wordCount":597,"publisher":{"@id":"https:\/\/www.rawoodfoundation.org\/#organization"},"image":{"@id":"https:\/\/www.rawoodfoundation.org\/2023\/08\/14\/preparing-for-the-school-year-ieps-504s-and-understanding-your-rights\/#primaryimage"},"thumbnailUrl":"https:\/\/www.rawoodfoundation.org\/wp-content\/uploads\/2023\/08\/backtoschool.jpg","articleSection":["Advocacy","Education"],"inLanguage":"es"},{"@type":"WebPage","@id":"https:\/\/www.rawoodfoundation.org\/2023\/08\/14\/preparing-for-the-school-year-ieps-504s-and-understanding-your-rights\/","url":"https:\/\/www.rawoodfoundation.org\/2023\/08\/14\/preparing-for-the-school-year-ieps-504s-and-understanding-your-rights\/","name":"Navegar por la educaci\u00f3n especial para un a\u00f1o escolar exitoso - Raymond A. Wood Foundation","isPartOf":{"@id":"https:\/\/www.rawoodfoundation.org\/#website"},"primaryImageOfPage":{"@id":"https:\/\/www.rawoodfoundation.org\/2023\/08\/14\/preparing-for-the-school-year-ieps-504s-and-understanding-your-rights\/#primaryimage"},"image":{"@id":"https:\/\/www.rawoodfoundation.org\/2023\/08\/14\/preparing-for-the-school-year-ieps-504s-and-understanding-your-rights\/#primaryimage"},"thumbnailUrl":"https:\/\/www.rawoodfoundation.org\/wp-content\/uploads\/2023\/08\/backtoschool.jpg","datePublished":"2023-08-14T23:55:13+00:00","dateModified":"2023-08-22T20:43:24+00:00","breadcrumb":{"@id":"https:\/\/www.rawoodfoundation.org\/2023\/08\/14\/preparing-for-the-school-year-ieps-504s-and-understanding-your-rights\/#breadcrumb"},"inLanguage":"es","potentialAction":[{"@type":"ReadAction","target":["https:\/\/www.rawoodfoundation.org\/2023\/08\/14\/preparing-for-the-school-year-ieps-504s-and-understanding-your-rights\/"]}]},{"@type":"ImageObject","inLanguage":"es","@id":"https:\/\/www.rawoodfoundation.org\/2023\/08\/14\/preparing-for-the-school-year-ieps-504s-and-understanding-your-rights\/#primaryimage","url":"https:\/\/www.rawoodfoundation.org\/wp-content\/uploads\/2023\/08\/backtoschool.jpg","contentUrl":"https:\/\/www.rawoodfoundation.org\/wp-content\/uploads\/2023\/08\/backtoschool.jpg","width":360,"height":240,"caption":"Dad walking kids to school"},{"@type":"BreadcrumbList","@id":"https:\/\/www.rawoodfoundation.org\/2023\/08\/14\/preparing-for-the-school-year-ieps-504s-and-understanding-your-rights\/#breadcrumb","itemListElement":[{"@type":"ListItem","position":1,"name":"Home","item":"https:\/\/www.rawoodfoundation.org\/"},{"@type":"ListItem","position":2,"name":"Navigating Special Education for a Successful School Year"}]},{"@type":"WebSite","@id":"https:\/\/www.rawoodfoundation.org\/#website","url":"https:\/\/www.rawoodfoundation.org\/","name":"Fundaci\u00f3n Raymond A. Wood","description":"La misi\u00f3n de la RAWF es proporcionar apoyo a la calidad de vida de los supervivientes de tumores cerebrales infantiles y sus familias.","publisher":{"@id":"https:\/\/www.rawoodfoundation.org\/#organization"},"potentialAction":[{"@type":"SearchAction","target":{"@type":"EntryPoint","urlTemplate":"https:\/\/www.rawoodfoundation.org\/?s={search_term_string}"},"query-input":{"@type":"PropertyValueSpecification","valueRequired":true,"valueName":"search_term_string"}}],"inLanguage":"es"},{"@type":"Organization","@id":"https:\/\/www.rawoodfoundation.org\/#organization","name":"Fundaci\u00f3n Raymond A. Wood","url":"https:\/\/www.rawoodfoundation.org\/","logo":{"@type":"ImageObject","inLanguage":"es","@id":"https:\/\/www.rawoodfoundation.org\/#\/schema\/logo\/image\/","url":"https:\/\/www.rawoodfoundation.org\/wp-content\/uploads\/2023\/07\/Raymond-A-Wood-Foundation-logo.webp","contentUrl":"https:\/\/www.rawoodfoundation.org\/wp-content\/uploads\/2023\/07\/Raymond-A-Wood-Foundation-logo.webp","width":470,"height":128,"caption":"Raymond A. Wood Foundation"},"image":{"@id":"https:\/\/www.rawoodfoundation.org\/#\/schema\/logo\/image\/"},"sameAs":["https:\/\/www.facebook.com\/rawoodfoundation","https:\/\/x.com\/rawoodfound"]},{"@type":"Person","@id":"https:\/\/www.rawoodfoundation.org\/#\/schema\/person\/12e3ee04f1646efc9cbbc13eb127f3b4","name":"RAWF","url":"https:\/\/www.rawoodfoundation.org\/es\/author\/rawf\/"}]}},"_links":{"self":[{"href":"https:\/\/www.rawoodfoundation.org\/es\/wp-json\/wp\/v2\/posts\/8252","targetHints":{"allow":["GET"]}}],"collection":[{"href":"https:\/\/www.rawoodfoundation.org\/es\/wp-json\/wp\/v2\/posts"}],"about":[{"href":"https:\/\/www.rawoodfoundation.org\/es\/wp-json\/wp\/v2\/types\/post"}],"author":[{"embeddable":true,"href":"https:\/\/www.rawoodfoundation.org\/es\/wp-json\/wp\/v2\/users\/6"}],"replies":[{"embeddable":true,"href":"https:\/\/www.rawoodfoundation.org\/es\/wp-json\/wp\/v2\/comments?post=8252"}],"version-history":[{"count":5,"href":"https:\/\/www.rawoodfoundation.org\/es\/wp-json\/wp\/v2\/posts\/8252\/revisions"}],"predecessor-version":[{"id":8557,"href":"https:\/\/www.rawoodfoundation.org\/es\/wp-json\/wp\/v2\/posts\/8252\/revisions\/8557"}],"wp:featuredmedia":[{"embeddable":true,"href":"https:\/\/www.rawoodfoundation.org\/es\/wp-json\/wp\/v2\/media\/8257"}],"wp:attachment":[{"href":"https:\/\/www.rawoodfoundation.org\/es\/wp-json\/wp\/v2\/media?parent=8252"}],"wp:term":[{"taxonomy":"category","embeddable":true,"href":"https:\/\/www.rawoodfoundation.org\/es\/wp-json\/wp\/v2\/categories?post=8252"},{"taxonomy":"post_tag","embeddable":true,"href":"https:\/\/www.rawoodfoundation.org\/es\/wp-json\/wp\/v2\/tags?post=8252"}],"curies":[{"name":"wp","href":"https:\/\/api.w.org\/{rel}","templated":true}]}}